{"id":848,"date":"2025-05-02T11:04:39","date_gmt":"2025-05-02T14:04:39","guid":{"rendered":"https:\/\/blog.genesisbeneficios.org.br\/?p=848"},"modified":"2025-05-02T11:45:01","modified_gmt":"2025-05-02T14:45:01","slug":"vidas-interrompidas-a-tragica-realidade-do-transito","status":"publish","type":"post","link":"https:\/\/blog.genesisbeneficios.org.br\/index.php\/2025\/05\/02\/vidas-interrompidas-a-tragica-realidade-do-transito\/","title":{"rendered":"Vidas Interrompidas: A Tr\u00e1gica Realidade do Tr\u00e2nsito"},"content":{"rendered":"\n<p>Nesse m\u00eas, come\u00e7a o&nbsp;<strong>Movimento Maio Amarelo<\/strong>, criado pelo Observat\u00f3rio Nacional de Seguran\u00e7a Vi\u00e1ria em&nbsp;2014&nbsp;com a proposta de chamar a aten\u00e7\u00e3o da sociedade para o alto \u00edndice de mortos e feridos no tr\u00e2nsito em todo o mundo. Foi instaurado com base em uma resolu\u00e7\u00e3o da&nbsp;Assembleia-Geral das Na\u00e7\u00f5es Unidas&nbsp;que definiu o per\u00edodo entre&nbsp;2011&nbsp;e&nbsp;2020&nbsp;como a \u201cD\u00e9cada de A\u00e7\u00f5es para a Seguran\u00e7a no Tr\u00e2nsito\u201d. O m\u00eas de maio foi escolhido por ser o m\u00eas em que a resolu\u00e7\u00e3o da&nbsp;ONU&nbsp;foi publicada, em 11 de maio de 2011.<\/p>\n\n\n\n<p>Por isso, contaremos a hist\u00f3ria de Luiz Fernando Galdino, pastor h\u00e1 14 anos, que perdeu sua fam\u00edlia em um tr\u00e1gico acidente na Bahia, em janeiro de 2025.<\/p>\n\n\n\n<p>No dia 29\/01 (quarta-feira), na cidade de Antas, a 300 km de Salvador, ocorreu uma batida na BR-110 envolvendo um caminh\u00e3o e dois carros. Seis pessoas morreram. Segundo mat\u00e9ria do G1, a PRF de Santo Amaro, respons\u00e1vel pela investiga\u00e7\u00e3o inicial, informou que um dos carros realizou uma ultrapassagem e colidiu com o caminh\u00e3o.<\/p>\n\n\n\n<p>Em seguida, o motorista do caminh\u00e3o perdeu o controle da dire\u00e7\u00e3o e bateu no outro carro, que foi arrastado e ficou embaixo da cabine do ve\u00edculo de transporte de cargas pesadas. Nesse carro estavam Luiz Fernando e sua fam\u00edlia \u2014 apenas ele sobreviveu ao tr\u00e1gico acidente.<\/p>\n\n\n\n<p>Por conta de uma imprud\u00eancia no tr\u00e2nsito, ele acabou perdendo sua fam\u00edlia. Conforme o Portal do Tr\u00e2nsito, cerca de 42% das ocorr\u00eancias no tr\u00e2nsito em 2024 foram causadas por desaten\u00e7\u00e3o.<\/p>\n\n\n\n<p>Luiz Fernando \u00e9 muito grato \u00e0 G\u00eanesis Benef\u00edcios por todo o suporte que a associa\u00e7\u00e3o lhe ofereceu. Desde a comunica\u00e7\u00e3o do acidente com a fam\u00edlia e os cuidados com sua chegada, at\u00e9 hoje a entidade acompanha sua sa\u00fade f\u00edsica e mental. Associado h\u00e1 dois anos, ele escolheu a G\u00eanesis justamente pelos benef\u00edcios oferecidos \u2014 que, no final das contas, acabaram sendo muito mais do que ele imaginava.<\/p>\n\n\n\n<figure class=\"wp-block-image size-large\"><img fetchpriority=\"high\" decoding=\"async\" width=\"2066\" height=\"2066\" src=\"https:\/\/blog.genesisbeneficios.org.br\/wp-content\/uploads\/2025\/05\/WhatsApp-Image-2025-05-01-at-13.21.16-edited.jpeg\" alt=\"\" class=\"wp-image-850\" srcset=\"https:\/\/blog.genesisbeneficios.org.br\/wp-content\/uploads\/2025\/05\/WhatsApp-Image-2025-05-01-at-13.21.16-edited.jpeg 2066w, https:\/\/blog.genesisbeneficios.org.br\/wp-content\/uploads\/2025\/05\/WhatsApp-Image-2025-05-01-at-13.21.16-edited-300x300.jpeg 300w, https:\/\/blog.genesisbeneficios.org.br\/wp-content\/uploads\/2025\/05\/WhatsApp-Image-2025-05-01-at-13.21.16-edited-1024x1024.jpeg 1024w, https:\/\/blog.genesisbeneficios.org.br\/wp-content\/uploads\/2025\/05\/WhatsApp-Image-2025-05-01-at-13.21.16-edited-150x150.jpeg 150w, https:\/\/blog.genesisbeneficios.org.br\/wp-content\/uploads\/2025\/05\/WhatsApp-Image-2025-05-01-at-13.21.16-edited-768x768.jpeg 768w, https:\/\/blog.genesisbeneficios.org.br\/wp-content\/uploads\/2025\/05\/WhatsApp-Image-2025-05-01-at-13.21.16-edited-1536x1536.jpeg 1536w, https:\/\/blog.genesisbeneficios.org.br\/wp-content\/uploads\/2025\/05\/WhatsApp-Image-2025-05-01-at-13.21.16-edited-2048x2048.jpeg 2048w\" sizes=\"(max-width: 2066px) 100vw, 2066px\" \/><\/figure>\n\n\n\n<p>O tr\u00e2nsito \u00e9 mais sobre os outros do que sobre n\u00f3s. Quando pegamos um ve\u00edculo, estamos, tamb\u00e9m, assumindo a responsabilidade de carregar uma arma.<\/p>\n\n\n\n<p>Por fim, neste m\u00eas t\u00e3o importante, lembre-se de que as pessoas que est\u00e3o com voc\u00ea na avenida, em outros ve\u00edculos, t\u00eam fam\u00edlias, uma vida inteira pela frente e sonhos a realizar. N\u00e3o seja ego\u00edsta: cuide de voc\u00ea e dos outros.<\/p>\n\n\n\n<p>Gostou? Deixe seu coment\u00e1rio e compartilhe com seus amigos!<\/p>\n","protected":false},"excerpt":{"rendered":"<p>Nesse m\u00eas, come\u00e7a o&nbsp;Movimento Maio Amarelo, criado pelo Observat\u00f3rio Nacional de Seguran\u00e7a Vi\u00e1ria em&nbsp;2014&nbsp;com a proposta de chamar a aten\u00e7\u00e3o da sociedade para o alto \u00edndice de mortos e feridos no tr\u00e2nsito em todo o mundo. Foi instaurado com base em uma resolu\u00e7\u00e3o da&nbsp;Assembleia-Geral das Na\u00e7\u00f5es Unidas&nbsp;que definiu o per\u00edodo entre&nbsp;2011&nbsp;e&nbsp;2020&nbsp;como a \u201cD\u00e9cada de A\u00e7\u00f5es [&hellip;]<\/p>\n","protected":false},"author":5,"featured_media":854,"comment_status":"open","ping_status":"open","sticky":false,"template":"","format":"standard","meta":{"footnotes":""},"categories":[1],"tags":[10,11,16,65,22,23,24,32],"class_list":["post-848","post","type-post","status-publish","format-standard","has-post-thumbnail","hentry","category-sem-categoria","tag-carros","tag-carros-rio-de-janeiro","tag-genesis-beneficios","tag-maio-amarelo","tag-protecao-automotiva","tag-protecao-veicular","tag-seguranca","tag-veiculos"],"_links":{"self":[{"href":"https:\/\/blog.genesisbeneficios.org.br\/index.php\/wp-json\/wp\/v2\/posts\/848","targetHints":{"allow":["GET"]}}],"collection":[{"href":"https:\/\/blog.genesisbeneficios.org.br\/index.php\/wp-json\/wp\/v2\/posts"}],"about":[{"href":"https:\/\/blog.genesisbeneficios.org.br\/index.php\/wp-json\/wp\/v2\/types\/post"}],"author":[{"embeddable":true,"href":"https:\/\/blog.genesisbeneficios.org.br\/index.php\/wp-json\/wp\/v2\/users\/5"}],"replies":[{"embeddable":true,"href":"https:\/\/blog.genesisbeneficios.org.br\/index.php\/wp-json\/wp\/v2\/comments?post=848"}],"version-history":[{"count":2,"href":"https:\/\/blog.genesisbeneficios.org.br\/index.php\/wp-json\/wp\/v2\/posts\/848\/revisions"}],"predecessor-version":[{"id":855,"href":"https:\/\/blog.genesisbeneficios.org.br\/index.php\/wp-json\/wp\/v2\/posts\/848\/revisions\/855"}],"wp:featuredmedia":[{"embeddable":true,"href":"https:\/\/blog.genesisbeneficios.org.br\/index.php\/wp-json\/wp\/v2\/media\/854"}],"wp:attachment":[{"href":"https:\/\/blog.genesisbeneficios.org.br\/index.php\/wp-json\/wp\/v2\/media?parent=848"}],"wp:term":[{"taxonomy":"category","embeddable":true,"href":"https:\/\/blog.genesisbeneficios.org.br\/index.php\/wp-json\/wp\/v2\/categories?post=848"},{"taxonomy":"post_tag","embeddable":true,"href":"https:\/\/blog.genesisbeneficios.org.br\/index.php\/wp-json\/wp\/v2\/tags?post=848"}],"curies":[{"name":"wp","href":"https:\/\/api.w.org\/{rel}","templated":true}]}}