{"id":866,"date":"2025-05-07T09:24:43","date_gmt":"2025-05-07T12:24:43","guid":{"rendered":"https:\/\/blog.genesisbeneficios.org.br\/?p=866"},"modified":"2025-05-07T09:24:43","modified_gmt":"2025-05-07T12:24:43","slug":"o-futuro-da-direcao-autonoma-estamos-prontos","status":"publish","type":"post","link":"https:\/\/blog.genesisbeneficios.org.br\/index.php\/2025\/05\/07\/o-futuro-da-direcao-autonoma-estamos-prontos\/","title":{"rendered":"O futuro da dire\u00e7\u00e3o aut\u00f4noma: estamos prontos?"},"content":{"rendered":"\n<p>A curiosidade pelo futuro \u00e9 algo recorrente em nossa sociedade, e obviamente n\u00e3o \u00e9 diferente quando falamos sobre as possibilidades de ve\u00edculos aut\u00f4nomos.<\/p>\n\n\n\n<p>Mas, o que seria dire\u00e7\u00e3o aut\u00f4noma? &nbsp;&nbsp;&nbsp;&nbsp;&nbsp;&nbsp;&nbsp;&nbsp;&nbsp;&nbsp;&nbsp;&nbsp;&nbsp;&nbsp;&nbsp;&nbsp;&nbsp;&nbsp;&nbsp;&nbsp;<\/p>\n\n\n\n<p>Dire\u00e7\u00e3o aut\u00f4noma refere-se \u00e0 capacidade de um ve\u00edculo se deslocar sem interven\u00e7\u00e3o direta do motorista, utilizando sistemas automatizados para controlar a dire\u00e7\u00e3o, acelera\u00e7\u00e3o e frenagem. Em ess\u00eancia, \u00e9 a tecnologia que permite aos carros dirigir sozinhos.<\/p>\n\n\n\n<p>Os ve\u00edculos aut\u00f4nomos prometem trazer diversos benef\u00edcios, maior seguran\u00e7a, redu\u00e7\u00e3o de acidentes, redu\u00e7\u00e3o do tr\u00e2nsito e maior mobilidade para pessoas com defici\u00eancia ou idosos.&nbsp;Temos que lembrar que essa \u00e9 uma tecnologia em desenvolvimento e ainda precisa de ajustes necess\u00e1rios.<\/p>\n\n\n\n<p>Segundo o site Tecnoblog, embora os ve\u00edculos aut\u00f4nomos estejam progredindo, a dire\u00e7\u00e3o totalmente aut\u00f4noma (n\u00edvel 5) ainda n\u00e3o \u00e9 amplamente adotada devido a quest\u00f5es de seguran\u00e7a, legisla\u00e7\u00e3o e desenvolvimento tecnol\u00f3gico.&nbsp;<\/p>\n\n\n\n<p>O futuro da dire\u00e7\u00e3o aut\u00f4noma est\u00e1 mais pr\u00f3ximo do que nunca em termos tecnol\u00f3gicos, mas ainda h\u00e1 barreiras significativas para sua implementa\u00e7\u00e3o em larga escala. Aqui est\u00e1 um panorama dividido em quatro \u00e1reas principais:<\/p>\n\n\n\n<p><strong>1. Tecnologia: estamos quase l\u00e1<\/strong><\/p>\n\n\n\n<p>Carros aut\u00f4nomos, especialmente os de N\u00edvel 4 (que operam sem interven\u00e7\u00e3o humana em determinadas condi\u00e7\u00f5es), j\u00e1 est\u00e3o sendo testados em diversas cidades, principalmente nos EUA e na China. Empresas como Waymo, Tesla, Cruise, e Baidu fizeram avan\u00e7os consider\u00e1veis.<\/p>\n\n\n\n<p><strong>Desafios t\u00e9cnicos restantes:<\/strong><\/p>\n\n\n\n<ul class=\"wp-block-list\">\n<li>Reconhecimento de situa\u00e7\u00f5es complexas e imprevis\u00edveis (ex: obras, pedestres imprevis\u00edveis)<\/li>\n\n\n\n<li>Condu\u00e7\u00e3o segura em condi\u00e7\u00f5es clim\u00e1ticas extremas<\/li>\n\n\n\n<li>Falhas de sensores ou de software que podem ter consequ\u00eancias graves<\/li>\n<\/ul>\n\n\n\n<p><strong>2. Infraestrutura: ainda n\u00e3o acompanha<\/strong><\/p>\n\n\n\n<p>Mesmo que os ve\u00edculos estejam quase prontos, as <strong>cidades e estradas n\u00e3o foram projetadas para carros aut\u00f4nomos<\/strong>.<\/p>\n\n\n\n<p><strong>Faltam:<\/strong><\/p>\n\n\n\n<ul class=\"wp-block-list\">\n<li>Sinaliza\u00e7\u00f5es consistentes e digitalizadas<\/li>\n\n\n\n<li>Conectividade 5G em \u00e1reas remotas<\/li>\n\n\n\n<li>Esta\u00e7\u00f5es de carregamento suficientes para frotas el\u00e9tricas aut\u00f4nomas<\/li>\n<\/ul>\n\n\n\n<p><strong>3. Legisla\u00e7\u00e3o e \u00e9tica: um campo cinzento<\/strong><\/p>\n\n\n\n<p>As leis de tr\u00e2nsito foram escritas com a suposi\u00e7\u00e3o de que h\u00e1 um motorista humano respons\u00e1vel. Regulamenta\u00e7\u00f5es para ve\u00edculos aut\u00f4nomos ainda est\u00e3o em desenvolvimento e variam de pa\u00eds para pa\u00eds.<\/p>\n\n\n\n<p><strong>Quest\u00f5es \u00e9ticas e legais:<\/strong><\/p>\n\n\n\n<ul class=\"wp-block-list\">\n<li>Quem \u00e9 o respons\u00e1vel em caso de acidente?<\/li>\n\n\n\n<li>Como os algoritmos devem tomar decis\u00f5es morais em situa\u00e7\u00f5es de risco?<\/li>\n\n\n\n<li>Privacidade de dados dos passageiros e de monitoramento das ruas<\/li>\n<\/ul>\n\n\n\n<p><strong>4. Sociedade e aceita\u00e7\u00e3o: confian\u00e7a ainda \u00e9 baixa<\/strong><\/p>\n\n\n\n<p>Mesmo que a tecnologia esteja pronta, <strong>a aceita\u00e7\u00e3o p\u00fablica \u00e9 um dos maiores obst\u00e1culos<\/strong>. Pesquisas mostram que muitas pessoas ainda se sentem inseguras com a ideia de serem transportadas por um ve\u00edculo sem motorista.<\/p>\n\n\n\n<p><strong>Conclus\u00e3o: estamos perto, mas ainda n\u00e3o prontos<\/strong><\/p>\n\n\n\n<p>Do ponto de vista <strong>tecnol\u00f3gico<\/strong>, estamos muito pr\u00f3ximos. Mas <strong>infraestrutura, legisla\u00e7\u00e3o e aceita\u00e7\u00e3o social<\/strong> precisam avan\u00e7ar em paralelo para que a dire\u00e7\u00e3o aut\u00f4noma se torne realidade no cotidiano.<\/p>\n\n\n\n<p>Gostou do post? Deixe seu coment\u00e1rio e compartilhe com seus amigos!<\/p>\n","protected":false},"excerpt":{"rendered":"<p>A curiosidade pelo futuro \u00e9 algo recorrente em nossa sociedade, e obviamente n\u00e3o \u00e9 diferente quando falamos sobre as possibilidades de ve\u00edculos aut\u00f4nomos. Mas, o que seria dire\u00e7\u00e3o aut\u00f4noma? &nbsp;&nbsp;&nbsp;&nbsp;&nbsp;&nbsp;&nbsp;&nbsp;&nbsp;&nbsp;&nbsp;&nbsp;&nbsp;&nbsp;&nbsp;&nbsp;&nbsp;&nbsp;&nbsp;&nbsp; Dire\u00e7\u00e3o aut\u00f4noma refere-se \u00e0 capacidade de um ve\u00edculo se deslocar sem interven\u00e7\u00e3o direta do motorista, utilizando sistemas automatizados para controlar a dire\u00e7\u00e3o, acelera\u00e7\u00e3o e frenagem. [&hellip;]<\/p>\n","protected":false},"author":5,"featured_media":867,"comment_status":"open","ping_status":"open","sticky":false,"template":"","format":"standard","meta":{"footnotes":""},"categories":[1],"tags":[10,11,69,16,22,23,24,32],"class_list":["post-866","post","type-post","status-publish","format-standard","has-post-thumbnail","hentry","category-sem-categoria","tag-carros","tag-carros-rio-de-janeiro","tag-direcao-autonoma","tag-genesis-beneficios","tag-protecao-automotiva","tag-protecao-veicular","tag-seguranca","tag-veiculos"],"_links":{"self":[{"href":"https:\/\/blog.genesisbeneficios.org.br\/index.php\/wp-json\/wp\/v2\/posts\/866","targetHints":{"allow":["GET"]}}],"collection":[{"href":"https:\/\/blog.genesisbeneficios.org.br\/index.php\/wp-json\/wp\/v2\/posts"}],"about":[{"href":"https:\/\/blog.genesisbeneficios.org.br\/index.php\/wp-json\/wp\/v2\/types\/post"}],"author":[{"embeddable":true,"href":"https:\/\/blog.genesisbeneficios.org.br\/index.php\/wp-json\/wp\/v2\/users\/5"}],"replies":[{"embeddable":true,"href":"https:\/\/blog.genesisbeneficios.org.br\/index.php\/wp-json\/wp\/v2\/comments?post=866"}],"version-history":[{"count":1,"href":"https:\/\/blog.genesisbeneficios.org.br\/index.php\/wp-json\/wp\/v2\/posts\/866\/revisions"}],"predecessor-version":[{"id":868,"href":"https:\/\/blog.genesisbeneficios.org.br\/index.php\/wp-json\/wp\/v2\/posts\/866\/revisions\/868"}],"wp:featuredmedia":[{"embeddable":true,"href":"https:\/\/blog.genesisbeneficios.org.br\/index.php\/wp-json\/wp\/v2\/media\/867"}],"wp:attachment":[{"href":"https:\/\/blog.genesisbeneficios.org.br\/index.php\/wp-json\/wp\/v2\/media?parent=866"}],"wp:term":[{"taxonomy":"category","embeddable":true,"href":"https:\/\/blog.genesisbeneficios.org.br\/index.php\/wp-json\/wp\/v2\/categories?post=866"},{"taxonomy":"post_tag","embeddable":true,"href":"https:\/\/blog.genesisbeneficios.org.br\/index.php\/wp-json\/wp\/v2\/tags?post=866"}],"curies":[{"name":"wp","href":"https:\/\/api.w.org\/{rel}","templated":true}]}}