{"id":892,"date":"2025-05-20T10:01:00","date_gmt":"2025-05-20T13:01:00","guid":{"rendered":"https:\/\/blog.genesisbeneficios.org.br\/?p=892"},"modified":"2025-05-21T13:12:55","modified_gmt":"2025-05-21T16:12:55","slug":"a-historia-do-fusca-do-carro-do-povo-ao-icone-mundial","status":"publish","type":"post","link":"https:\/\/blog.genesisbeneficios.org.br\/index.php\/2025\/05\/20\/a-historia-do-fusca-do-carro-do-povo-ao-icone-mundial\/","title":{"rendered":"A hist\u00f3ria do Fusca: do carro do povo ao \u00edcone mundial"},"content":{"rendered":"\n<p>A hist\u00f3ria do <strong>Fusca<\/strong>, oficialmente conhecido como <strong>Volkswagen Tipo 1<\/strong>, \u00e9 uma das mais ic\u00f4nicas da ind\u00fastria automobil\u00edstica. Ele \u00e9 s\u00edmbolo de simplicidade, resist\u00eancia e acessibilidade, e tem uma origem marcada por um contexto pol\u00edtico e social bastante peculiar. Sem d\u00favidas, um dos carros mais conhecidos do mundo e muito querido por milhares de pessoas.&nbsp;<\/p>\n\n\n\n<p><strong>Origem na Alemanha nazista (d\u00e9cada de 1930)<\/strong>:<\/p>\n\n\n\n<ul class=\"wp-block-list\">\n<li><strong>Cria\u00e7\u00e3o por Ferdinand Porsche<\/strong>: O Fusca foi projetado pelo engenheiro austr\u00edaco <strong>Ferdinand Porsche<\/strong> a pedido de <strong>Adolf Hitler<\/strong>, que queria criar um &#8220;carro do povo&#8221; (<strong>Volkswagen<\/strong>, em alem\u00e3o).\u00a0<\/li>\n<\/ul>\n\n\n\n<ul class=\"wp-block-list\">\n<li>Hitler desejava um ve\u00edculo barato, acess\u00edvel e robusto para as fam\u00edlias alem\u00e3s. Assim nasceu o projeto do <strong>Kraft durch Freude-Wagen<\/strong> (KdF-Wagen \u2013 &#8220;carro da for\u00e7a pela alegria&#8221;).\u00a0<\/li>\n<\/ul>\n\n\n\n<ul class=\"wp-block-list\">\n<li>O prot\u00f3tipo foi apresentado em <strong>1938<\/strong>, mas a produ\u00e7\u00e3o em massa foi interrompida pela <strong>Segunda Guerra Mundial<\/strong>.\u00a0<\/li>\n<\/ul>\n\n\n\n<p><strong>P\u00f3s-guerra e crescimento global (1945\u20131960<\/strong>):\u00a0<\/p>\n\n\n\n<ul class=\"wp-block-list\">\n<li>Ap\u00f3s a guerra, a f\u00e1brica da Volkswagen foi assumida pelas for\u00e7as brit\u00e2nicas. Em vez de ser desmontada, passou a produzir o Fusca em <strong>1945<\/strong>, agora para uso civil.\u00a0<\/li>\n<\/ul>\n\n\n\n<ul class=\"wp-block-list\">\n<li>O carro come\u00e7ou a ganhar popularidade pela sua simplicidade mec\u00e2nica, durabilidade e economia.\u00a0<\/li>\n<\/ul>\n\n\n\n<ul class=\"wp-block-list\">\n<li>Na d\u00e9cada de 1950, ele come\u00e7ou a ser exportado para outros pa\u00edses, incluindo o Brasil e os Estados Unidos.\u00a0<\/li>\n<\/ul>\n\n\n\n<p><strong>O Fusca no Brasil<\/strong>:<\/p>\n\n\n\n<ul class=\"wp-block-list\">\n<li>O Fusca chegou ao Brasil em <strong>1950<\/strong> como carro importado.\u00a0<\/li>\n<\/ul>\n\n\n\n<ul class=\"wp-block-list\">\n<li>Em <strong>1959<\/strong>, passou a ser <strong>produzido nacionalmente<\/strong> pela Volkswagen do Brasil, tornando-se rapidamente um sucesso de vendas.\u00a0<\/li>\n<\/ul>\n\n\n\n<ul class=\"wp-block-list\">\n<li>Foi o <strong>carro mais vendido do Brasil por 24 anos seguidos<\/strong>, entre 1959 e 1983.\u00a0<\/li>\n<\/ul>\n\n\n\n<ul class=\"wp-block-list\">\n<li>Por aqui, ficou conhecido como <strong>Fusca<\/strong> \u2014 nome n\u00e3o oficial que acabou sendo adotado popularmente e depois reconhecido pela pr\u00f3pria Volkswagen.\u00a0<\/li>\n<\/ul>\n\n\n\n<p><strong>Design e caracter\u00edsticas<\/strong>:<\/p>\n\n\n\n<ul class=\"wp-block-list\">\n<li>Motor traseiro <strong>boxer<\/strong> refrigerado a ar.\u00a0<\/li>\n<\/ul>\n\n\n\n<ul class=\"wp-block-list\">\n<li>Tra\u00e7\u00e3o traseira.\u00a0<\/li>\n<\/ul>\n\n\n\n<ul class=\"wp-block-list\">\n<li>Design arredondado e simp\u00e1tico.\u00a0<\/li>\n<\/ul>\n\n\n\n<ul class=\"wp-block-list\">\n<li>F\u00e1cil manuten\u00e7\u00e3o e resist\u00eancia em condi\u00e7\u00f5es adversas.\u00a0<\/li>\n<\/ul>\n\n\n\n<p><strong>Fim da produ\u00e7\u00e3o e revival<\/strong>:<\/p>\n\n\n\n<ul class=\"wp-block-list\">\n<li>A produ\u00e7\u00e3o original do Fusca foi encerrada na <strong>Alemanha em 1978<\/strong>, mas continuou em outros pa\u00edses.\u00a0<\/li>\n<\/ul>\n\n\n\n<ul class=\"wp-block-list\">\n<li>No <strong>M\u00e9xico<\/strong>, ele foi produzido at\u00e9 <strong>2003<\/strong>, sendo esse o \u00faltimo Fusca &#8220;original&#8221; fabricado.\u00a0<\/li>\n<\/ul>\n\n\n\n<ul class=\"wp-block-list\">\n<li>No Brasil, a produ\u00e7\u00e3o foi encerrada em <strong>1986<\/strong>, mas voltou brevemente em <strong>1993 por pedido do presidente Itamar Franco<\/strong>, sendo encerrada definitivamente em <strong>1996<\/strong>.\u00a0<\/li>\n<\/ul>\n\n\n\n<ul class=\"wp-block-list\">\n<li>Um modelo moderno, o <strong>&#8220;New Beetle&#8221;<\/strong>, foi lan\u00e7ado em <strong>1998<\/strong>, com design inspirado no Fusca original, mas com tecnologia atualizada. Ele teve produ\u00e7\u00e3o at\u00e9 <strong>2019<\/strong>.\u00a0<\/li>\n<\/ul>\n\n\n\n<p><strong>Curiosidades<\/strong>:<\/p>\n\n\n\n<ul class=\"wp-block-list\">\n<li>Mais de <strong>21 milh\u00f5es de unidades<\/strong> foram produzidas no mundo.\u00a0<\/li>\n<\/ul>\n\n\n\n<ul class=\"wp-block-list\">\n<li>Foi o <strong>carro mais vendido da hist\u00f3ria<\/strong> at\u00e9 ser superado pelo Toyota Corolla.\u00a0<\/li>\n<\/ul>\n\n\n\n<ul class=\"wp-block-list\">\n<li>Foi s\u00edmbolo de contracultura nos anos 60 e 70, especialmente nos EUA.\u00a0<\/li>\n<\/ul>\n\n\n\n<ul class=\"wp-block-list\">\n<li>\u00c9 amado por colecionadores e entusiastas at\u00e9 hoje.\u00a0<\/li>\n<\/ul>\n\n\n\n<p>Gostou do post? Deixe seu coment\u00e1rio e compartilhe com seus amigos!&nbsp;<\/p>\n","protected":false},"excerpt":{"rendered":"<p>A hist\u00f3ria do Fusca, oficialmente conhecido como Volkswagen Tipo 1, \u00e9 uma das mais ic\u00f4nicas da ind\u00fastria automobil\u00edstica. Ele \u00e9 s\u00edmbolo de simplicidade, resist\u00eancia e acessibilidade, e tem uma origem marcada por um contexto pol\u00edtico e social bastante peculiar. Sem d\u00favidas, um dos carros mais conhecidos do mundo e muito querido por milhares de pessoas.&nbsp; [&hellip;]<\/p>\n","protected":false},"author":5,"featured_media":893,"comment_status":"open","ping_status":"open","sticky":false,"template":"","format":"standard","meta":{"footnotes":""},"categories":[1],"tags":[10,11,79,16,22,23,24,32],"class_list":["post-892","post","type-post","status-publish","format-standard","has-post-thumbnail","hentry","category-sem-categoria","tag-carros","tag-carros-rio-de-janeiro","tag-fusca","tag-genesis-beneficios","tag-protecao-automotiva","tag-protecao-veicular","tag-seguranca","tag-veiculos"],"_links":{"self":[{"href":"https:\/\/blog.genesisbeneficios.org.br\/index.php\/wp-json\/wp\/v2\/posts\/892","targetHints":{"allow":["GET"]}}],"collection":[{"href":"https:\/\/blog.genesisbeneficios.org.br\/index.php\/wp-json\/wp\/v2\/posts"}],"about":[{"href":"https:\/\/blog.genesisbeneficios.org.br\/index.php\/wp-json\/wp\/v2\/types\/post"}],"author":[{"embeddable":true,"href":"https:\/\/blog.genesisbeneficios.org.br\/index.php\/wp-json\/wp\/v2\/users\/5"}],"replies":[{"embeddable":true,"href":"https:\/\/blog.genesisbeneficios.org.br\/index.php\/wp-json\/wp\/v2\/comments?post=892"}],"version-history":[{"count":2,"href":"https:\/\/blog.genesisbeneficios.org.br\/index.php\/wp-json\/wp\/v2\/posts\/892\/revisions"}],"predecessor-version":[{"id":934,"href":"https:\/\/blog.genesisbeneficios.org.br\/index.php\/wp-json\/wp\/v2\/posts\/892\/revisions\/934"}],"wp:featuredmedia":[{"embeddable":true,"href":"https:\/\/blog.genesisbeneficios.org.br\/index.php\/wp-json\/wp\/v2\/media\/893"}],"wp:attachment":[{"href":"https:\/\/blog.genesisbeneficios.org.br\/index.php\/wp-json\/wp\/v2\/media?parent=892"}],"wp:term":[{"taxonomy":"category","embeddable":true,"href":"https:\/\/blog.genesisbeneficios.org.br\/index.php\/wp-json\/wp\/v2\/categories?post=892"},{"taxonomy":"post_tag","embeddable":true,"href":"https:\/\/blog.genesisbeneficios.org.br\/index.php\/wp-json\/wp\/v2\/tags?post=892"}],"curies":[{"name":"wp","href":"https:\/\/api.w.org\/{rel}","templated":true}]}}