{"id":913,"date":"2025-05-27T10:00:00","date_gmt":"2025-05-27T13:00:00","guid":{"rendered":"https:\/\/blog.genesisbeneficios.org.br\/?p=913"},"modified":"2025-05-19T10:28:03","modified_gmt":"2025-05-19T13:28:03","slug":"evolucao-dos-carros-no-brasil-das-decadas-de-50-ate-hoje","status":"publish","type":"post","link":"https:\/\/blog.genesisbeneficios.org.br\/index.php\/2025\/05\/27\/evolucao-dos-carros-no-brasil-das-decadas-de-50-ate-hoje\/","title":{"rendered":"Evolu\u00e7\u00e3o dos carros no Brasil: das d\u00e9cadas de 50 at\u00e9 hoje"},"content":{"rendered":"\n<p>Com certeza, voc\u00ea j\u00e1 deve ter estudado sobre a hist\u00f3ria do Brasil na escola, sobre os in\u00fameros governos e presidentes que tivemos at\u00e9 hoje, as copas do mundo que o Brasil venceu, as inova\u00e7\u00f5es tecnol\u00f3gicas que aconteceram. Mas, e sobre a evolu\u00e7\u00e3o dos autom\u00f3veis, voc\u00ea sabe como isso ocorreu?<\/p>\n\n\n\n<p>Aqui iremos contar um pouco sobre a evolu\u00e7\u00e3o dos carros at\u00e9 os dias de hoje:<\/p>\n\n\n\n<p><strong>Anos 1950: O in\u00edcio da ind\u00fastria automobil\u00edstica nacional<\/strong><\/p>\n\n\n\n<ul class=\"wp-block-list\">\n<li><strong>Contexto:<\/strong> O Brasil ainda importava quase todos os ve\u00edculos.<\/li>\n\n\n\n<li><strong>Marco hist\u00f3rico:<\/strong> Em 1956, o presidente <strong>Juscelino Kubitschek<\/strong> lan\u00e7ou o plano de industrializa\u00e7\u00e3o, incentivando a produ\u00e7\u00e3o de carros no pa\u00eds.<\/li>\n\n\n\n<li><strong>Chegada das montadoras:<\/strong> Volkswagen, Ford, General Motors e Mercedes-Benz come\u00e7aram a se instalar no Brasil.<\/li>\n\n\n\n<li><strong>Carros ic\u00f4nicos:<\/strong>\n<ul class=\"wp-block-list\">\n<li><strong>Volkswagen Fusca<\/strong> (in\u00edcio da produ\u00e7\u00e3o nacional em 1959)<\/li>\n\n\n\n<li><strong>Rural Willys<\/strong> (1958)<\/li>\n\n\n\n<li><strong>Chevrolet Brasil<\/strong> (picape lan\u00e7ada em 1958)<\/li>\n<\/ul>\n<\/li>\n<\/ul>\n\n\n\n<p><strong>Anos 1960: Consolida\u00e7\u00e3o da ind\u00fastria<\/strong><\/p>\n\n\n\n<ul class=\"wp-block-list\">\n<li><strong>Produ\u00e7\u00e3o nacional cresce<\/strong>, com f\u00e1bricas se estabelecendo especialmente em S\u00e3o Paulo.<\/li>\n\n\n\n<li><strong>Maior variedade de modelos<\/strong>, ainda com foco em ve\u00edculos robustos e simples.<\/li>\n\n\n\n<li><strong>Carros ic\u00f4nicos:<\/strong>\n<ul class=\"wp-block-list\">\n<li><strong>Volkswagen Kombi<\/strong> (1957, mas muito popular nos anos 60)<\/li>\n\n\n\n<li><strong>DKW-Vemag<\/strong><\/li>\n\n\n\n<li><strong>Simca Chambord<\/strong><\/li>\n\n\n\n<li><strong>Jeep Willys<\/strong><\/li>\n<\/ul>\n<\/li>\n<\/ul>\n\n\n\n<p><strong>Anos 1970: Nacionaliza\u00e7\u00e3o e identidade pr\u00f3pria<\/strong><\/p>\n\n\n\n<ul class=\"wp-block-list\">\n<li>O governo criou regras para que os ve\u00edculos fossem fabricados com <strong>pe\u00e7as nacionais<\/strong>.<\/li>\n\n\n\n<li>Surgem os <strong>primeiros modelos totalmente brasileiros<\/strong>, como o <strong>Corcel<\/strong> e o <strong>Opala<\/strong>.<\/li>\n\n\n\n<li>Crise do petr\u00f3leo leva a maior preocupa\u00e7\u00e3o com <strong>efici\u00eancia de combust\u00edvel<\/strong>.<\/li>\n\n\n\n<li><strong>Carros ic\u00f4nicos:<\/strong>\n<ul class=\"wp-block-list\">\n<li><strong>Chevrolet Opala<\/strong> (1968\u20131992)<\/li>\n\n\n\n<li><strong>Ford Corcel<\/strong><\/li>\n\n\n\n<li><strong>Dodge Dart<\/strong><\/li>\n\n\n\n<li><strong>Volkswagen Bras\u00edlia<\/strong><\/li>\n\n\n\n<li><strong>Puma GT<\/strong> (esportivo nacional)<\/li>\n<\/ul>\n<\/li>\n<\/ul>\n\n\n\n<p><strong>Anos 1980: Populariza\u00e7\u00e3o e crise<\/strong><\/p>\n\n\n\n<ul class=\"wp-block-list\">\n<li>A ind\u00fastria enfrentou <strong>crise econ\u00f4mica<\/strong>, mas os carros populares come\u00e7aram a ganhar mais espa\u00e7o.<\/li>\n\n\n\n<li>Uso crescente de <strong>\u00e1lcool como combust\u00edvel<\/strong> (programa Pro\u00e1lcool).<\/li>\n\n\n\n<li>O <strong>Fusca, Bras\u00edlia e Chevette<\/strong> dominaram o mercado.<\/li>\n\n\n\n<li><strong>Carros ic\u00f4nicos:<\/strong>\n<ul class=\"wp-block-list\">\n<li><strong>Fiat 147<\/strong> (primeiro carro a \u00e1lcool do mundo)<\/li>\n\n\n\n<li><strong>Chevrolet Chevette<\/strong><\/li>\n\n\n\n<li><strong>Volkswagen Gol<\/strong> (lan\u00e7ado em 1980)<\/li>\n\n\n\n<li><strong>Ford Del Rey<\/strong><\/li>\n<\/ul>\n<\/li>\n<\/ul>\n\n\n\n<p><strong>Anos 1990: Abertura de mercado e moderniza\u00e7\u00e3o<\/strong><\/p>\n\n\n\n<ul class=\"wp-block-list\">\n<li>Abertura para <strong>importa\u00e7\u00f5es<\/strong> durante o governo Collor (1990).<\/li>\n\n\n\n<li>Chegada de novas marcas como <strong>Renault, Peugeot, Honda e Toyota<\/strong>.<\/li>\n\n\n\n<li>Come\u00e7o da era dos <strong>carros mais modernos, com inje\u00e7\u00e3o eletr\u00f4nica<\/strong>.<\/li>\n\n\n\n<li><strong>Carros ic\u00f4nicos:<\/strong>\n<ul class=\"wp-block-list\">\n<li><strong>Uno Mille<\/strong><\/li>\n\n\n\n<li><strong>Gol GTI<\/strong> (primeiro carro nacional com inje\u00e7\u00e3o eletr\u00f4nica)<\/li>\n\n\n\n<li><strong>Corsa Wind<\/strong><\/li>\n\n\n\n<li><strong>Palio<\/strong><\/li>\n\n\n\n<li><strong>Toyota Corolla (nacionalizado em 1998)<\/strong><\/li>\n<\/ul>\n<\/li>\n<\/ul>\n\n\n\n<p><strong>Anos 2000: Seguran\u00e7a, conforto e tecnologia<\/strong><\/p>\n\n\n\n<ul class=\"wp-block-list\">\n<li>Carros passam a vir com <strong>airbags, freios ABS, dire\u00e7\u00e3o hidr\u00e1ulica<\/strong>.<\/li>\n\n\n\n<li>Fortalecimento do segmento de <strong>carros populares<\/strong> e in\u00edcio do boom dos <strong>SUVs<\/strong>.<\/li>\n\n\n\n<li>Expans\u00e3o da <strong>flexibilidade do combust\u00edvel (gasolina\/\u00e1lcool)<\/strong>.<\/li>\n\n\n\n<li><strong>Carros ic\u00f4nicos:<\/strong>\n<ul class=\"wp-block-list\">\n<li><strong>Fiat Palio e Uno<\/strong><\/li>\n\n\n\n<li><strong>Volkswagen Fox<\/strong><\/li>\n\n\n\n<li><strong>Chevrolet Celta<\/strong><\/li>\n\n\n\n<li><strong>EcoSport<\/strong> (primeiro SUV compacto nacional)<\/li>\n<\/ul>\n<\/li>\n<\/ul>\n\n\n\n<p><strong>Anos 2010: Avan\u00e7os tecnol\u00f3gicos e nova concorr\u00eancia<\/strong><\/p>\n\n\n\n<ul class=\"wp-block-list\">\n<li>Explos\u00e3o dos <strong>carros flex<\/strong>.<\/li>\n\n\n\n<li>Entrada forte de <strong>carros chineses e coreanos<\/strong>.<\/li>\n\n\n\n<li>Crescimento das vendas de <strong>SUVs e sed\u00e3s m\u00e9dios<\/strong>.<\/li>\n\n\n\n<li><strong>Tecnologia embarcada<\/strong> mais acess\u00edvel (GPS, central multim\u00eddia, sensores).<\/li>\n\n\n\n<li><strong>Carros ic\u00f4nicos:<\/strong>\n<ul class=\"wp-block-list\">\n<li><strong>Hyundai HB20<\/strong><\/li>\n\n\n\n<li><strong>Chevrolet Onix<\/strong> (l\u00edder de vendas por anos)<\/li>\n\n\n\n<li><strong>Renault Sandero<\/strong><\/li>\n\n\n\n<li><strong>Toyota Etios e Corolla<\/strong><\/li>\n\n\n\n<li><strong>Jeep Renegade<\/strong><\/li>\n<\/ul>\n<\/li>\n<\/ul>\n\n\n\n<p><strong>Anos 2020 at\u00e9 hoje: Mobilidade el\u00e9trica e conectividade<\/strong><\/p>\n\n\n\n<ul class=\"wp-block-list\">\n<li>In\u00edcio da <strong>eletrifica\u00e7\u00e3o<\/strong> da frota: carros <strong>h\u00edbridos e el\u00e9tricos<\/strong> ganham espa\u00e7o, ainda que com alto custo.<\/li>\n\n\n\n<li>Populariza\u00e7\u00e3o de <strong>carros com conectividade<\/strong> (Wi-Fi, aplicativos, assistentes).<\/li>\n\n\n\n<li>Preocupa\u00e7\u00e3o com <strong>sustentabilidade<\/strong> e <strong>mobilidade urbana<\/strong>.<\/li>\n\n\n\n<li><strong>Modelos modernos:<\/strong>\n<ul class=\"wp-block-list\">\n<li><strong>BYD Dolphin (el\u00e9trico chin\u00eas popular)<\/strong><\/li>\n\n\n\n<li><strong>Chevrolet Tracker<\/strong><\/li>\n\n\n\n<li><strong>Fiat Pulse e Fastback<\/strong><\/li>\n\n\n\n<li><strong>Toyota Corolla Cross (h\u00edbrido)<\/strong><\/li>\n\n\n\n<li><strong>VW ID.4 e BYD Seal (el\u00e9tricos premium)<\/strong><\/li>\n<\/ul>\n<\/li>\n<\/ul>\n\n\n\n<p>Gostou do post? Deixe seu coment\u00e1rio e compartilhe com seus amigos!<\/p>\n","protected":false},"excerpt":{"rendered":"<p>Com certeza, voc\u00ea j\u00e1 deve ter estudado sobre a hist\u00f3ria do Brasil na escola, sobre os in\u00fameros governos e presidentes que tivemos at\u00e9 hoje, as copas do mundo que o Brasil venceu, as inova\u00e7\u00f5es tecnol\u00f3gicas que aconteceram. Mas, e sobre a evolu\u00e7\u00e3o dos autom\u00f3veis, voc\u00ea sabe como isso ocorreu? Aqui iremos contar um pouco sobre [&hellip;]<\/p>\n","protected":false},"author":5,"featured_media":914,"comment_status":"open","ping_status":"open","sticky":false,"template":"","format":"standard","meta":{"footnotes":""},"categories":[1],"tags":[10,11,87,16,86,22,23,24,32],"class_list":["post-913","post","type-post","status-publish","format-standard","has-post-thumbnail","hentry","category-sem-categoria","tag-carros","tag-carros-rio-de-janeiro","tag-evolucao","tag-genesis-beneficios","tag-historia","tag-protecao-automotiva","tag-protecao-veicular","tag-seguranca","tag-veiculos"],"_links":{"self":[{"href":"https:\/\/blog.genesisbeneficios.org.br\/index.php\/wp-json\/wp\/v2\/posts\/913","targetHints":{"allow":["GET"]}}],"collection":[{"href":"https:\/\/blog.genesisbeneficios.org.br\/index.php\/wp-json\/wp\/v2\/posts"}],"about":[{"href":"https:\/\/blog.genesisbeneficios.org.br\/index.php\/wp-json\/wp\/v2\/types\/post"}],"author":[{"embeddable":true,"href":"https:\/\/blog.genesisbeneficios.org.br\/index.php\/wp-json\/wp\/v2\/users\/5"}],"replies":[{"embeddable":true,"href":"https:\/\/blog.genesisbeneficios.org.br\/index.php\/wp-json\/wp\/v2\/comments?post=913"}],"version-history":[{"count":1,"href":"https:\/\/blog.genesisbeneficios.org.br\/index.php\/wp-json\/wp\/v2\/posts\/913\/revisions"}],"predecessor-version":[{"id":915,"href":"https:\/\/blog.genesisbeneficios.org.br\/index.php\/wp-json\/wp\/v2\/posts\/913\/revisions\/915"}],"wp:featuredmedia":[{"embeddable":true,"href":"https:\/\/blog.genesisbeneficios.org.br\/index.php\/wp-json\/wp\/v2\/media\/914"}],"wp:attachment":[{"href":"https:\/\/blog.genesisbeneficios.org.br\/index.php\/wp-json\/wp\/v2\/media?parent=913"}],"wp:term":[{"taxonomy":"category","embeddable":true,"href":"https:\/\/blog.genesisbeneficios.org.br\/index.php\/wp-json\/wp\/v2\/categories?post=913"},{"taxonomy":"post_tag","embeddable":true,"href":"https:\/\/blog.genesisbeneficios.org.br\/index.php\/wp-json\/wp\/v2\/tags?post=913"}],"curies":[{"name":"wp","href":"https:\/\/api.w.org\/{rel}","templated":true}]}}